[{"@context":"https:\/\/schema.org\/","@type":"Article","@id":"https:\/\/www.dogstar.sk\/kardigan-pre-kazdu-zenu\/#Article","mainEntityOfPage":"https:\/\/www.dogstar.sk\/kardigan-pre-kazdu-zenu\/","headline":"Kardig\u00e1n pre ka\u017ed\u00fa \u017eenu","name":"Kardig\u00e1n pre ka\u017ed\u00fa \u017eenu","description":"V dne\u0161nej dobe je oble\u010denie neoddelite\u013enou s\u00fa\u010das\u0165ou \u017eivota ka\u017ed\u00e9ho \u010dloveka. Takmer ka\u017ed\u00fd de\u0148 sa rozhodujeme, \u010do si oble\u010dieme. Nem\u00f4\u017eeme poprie\u0165, \u017ee to spr\u00e1vne oble\u010denie vie urobi\u0165 aj lep\u0161\u00ed prv\u00fd dojem \u010di zauja\u0165 t\u00fdch, ktor\u00fdch potrebujeme zauja\u0165. Preto by aj v\u00fdber oble\u010denia mal zodpoveda\u0165 udalosti, kam si ho chceme obliec\u0165. V \u017eenskom \u0161atn\u00edku by jednozna\u010dne nemal...<p class=\"more-link-wrap\"><a href=\"https:\/\/www.dogstar.sk\/kardigan-pre-kazdu-zenu\/\" class=\"more-link\">Pre\u010d\u00edta\u0165<span class=\"screen-reader-text\"> &ldquo;Kardig\u00e1n pre ka\u017ed\u00fa \u017eenu&rdquo;<\/span> &raquo;<\/a><\/p>","datePublished":"2021-11-13","dateModified":"2024-04-23","author":{"@type":"Person","@id":"https:\/\/www.dogstar.sk\/author\/#Person","name":"","url":"https:\/\/www.dogstar.sk\/author\/","identifier":1,"image":{"@type":"ImageObject","@id":"https:\/\/secure.gravatar.com\/avatar\/e4532b7f65738965bbad8697e5bd54c0628af7bffe8d3c856885c44d86978cee?s=96&d=mm&r=g","url":"https:\/\/secure.gravatar.com\/avatar\/e4532b7f65738965bbad8697e5bd54c0628af7bffe8d3c856885c44d86978cee?s=96&d=mm&r=g","height":96,"width":96}},"publisher":{"@type":"Organization","name":"dogstar.sk","logo":{"@type":"ImageObject","@id":"\/logo.png","url":"\/logo.png","width":600,"height":60}},"image":{"@type":"ImageObject","@id":"https:\/\/www.dogstar.sk\/wp-content\/uploads\/zimny%20sveter_1.jpg","url":"https:\/\/www.dogstar.sk\/wp-content\/uploads\/zimny%20sveter_1.jpg","height":0,"width":0},"url":"https:\/\/www.dogstar.sk\/kardigan-pre-kazdu-zenu\/","about":["Produkty"],"wordCount":399,"articleBody":"         V dne\u0161nej dobe je oble\u010denie neoddelite\u013enou s\u00fa\u010das\u0165ou \u017eivota ka\u017ed\u00e9ho \u010dloveka. Takmer ka\u017ed\u00fd de\u0148 sa rozhodujeme, \u010do si oble\u010dieme. Nem\u00f4\u017eeme poprie\u0165, \u017ee to spr\u00e1vne oble\u010denie vie urobi\u0165 aj lep\u0161\u00ed prv\u00fd dojem \u010di zauja\u0165 t\u00fdch, ktor\u00fdch potrebujeme zauja\u0165. Preto by aj v\u00fdber oble\u010denia mal zodpoveda\u0165 udalosti, kam si ho chceme obliec\u0165. V \u017eenskom \u0161atn\u00edku by jednozna\u010dne nemal ch\u00fdba\u0165 kardig\u00e1n. A \u010do to ten kardig\u00e1n vlastne je? Zv\u00e4\u010d\u0161a sa jedn\u00e1 o dlh\u0161\u00ed sveter. Je skvel\u00fdm doplnkom k mnoh\u00fdm outfitom. V zimn\u00fdch mesiacoch, ale aj po\u010das letn\u00fdch chladnej\u0161\u00edch ve\u010derov n\u00e1s udr\u017e\u00ed v teple. Kardig\u00e1n je univerz\u00e1lnym k\u00faskom, ktor\u00fd by nemal ch\u00fdba\u0165 v \u0161atn\u00edku \u017eiadnej \u017eeny. \u013dahko sa kombinuje a je vhodn\u00fd do ka\u017edej sez\u00f3ny. V na\u0161ej ponuke n\u00e1jdete kardig\u00e1ny najr\u00f4znej\u0161ieho typu, tvaru, farby \u010di vzoru. M\u00f4\u017eete si vybra\u0165 spomedzi kardig\u00e1nov, ktor\u00e9 siahaj\u00fa svojou d\u013a\u017ekou a\u017e po \u010dlenky alebo z tak\u00fdch, ktor\u00e9 s\u00fa krat\u0161ej d\u013a\u017eky. V na\u0161ej ponuke taktie\u017e n\u00e1jdete aj kardig\u00e1ny s r\u00f4znymi vzormi. P\u00e1\u010di sa v\u00e1m vzor, av\u0161ak nestoto\u017e\u0148ujete sa s jeho farebn\u00fdm preveden\u00edm? Nemus\u00edte sa ni\u010doho ob\u00e1va\u0165! Z jedn\u00e9ho vzoru m\u00e1me aj viacero farebn\u00fdch kombin\u00e1ci\u00ed, a tak si u n\u00e1s naozaj ka\u017ed\u00e1 \u017eena pr\u00edde na svoje. M\u00e1te rad\u0161ej extravagantnej\u0161ie k\u00fasky, ktor\u00fdmi up\u00fatate pozornos\u0165? Potom m\u00e1me pre v\u00e1s kardig\u00e1ny so strapcami, ktor\u00e9 sa nedaj\u00fa prehliadnu\u0165. Alebo h\u013ead\u00e1te kardig\u00e1n v nen\u00e1padnej farbe, ktor\u00fd sa bude \u013eahko kombinova\u0165 so zvy\u0161kom v\u00e1\u0161ho \u0161atn\u00edka, a tak pod\u010diarkne v\u00e1\u0161 jedine\u010dn\u00fd \u0161t\u00fdl? S vreckami \u010di bez, aj z tak\u00fdchto kardig\u00e1nov m\u00e1me viacer\u00e9 farebn\u00e9 vari\u00e1cie. V na\u0161ej naozaj bohatej ponuke n\u00e1jdete aj kardig\u00e1ny so zap\u00ednan\u00edm, aby ste sa tak mohli v nich c\u00edti\u0165 e\u0161te pohodlnej\u0161ie. Na v\u00fdber m\u00e1te aj z r\u00f4znych materi\u00e1lov. Od pleten\u00fdch kardig\u00e1nov vhodnej\u0161\u00edch na chladn\u00e9 obdobia a\u017e po \u013eahk\u00e9 a pr\u00edjemn\u00e9 kardig\u00e1ny ur\u010den\u00e9 na teplej\u0161ie dni, ktor\u00e9 v\u00e1m poskytn\u00fa pohodlie v ka\u017edej situ\u00e1cii.                                                                                                                                                                                                                                                                                                                                                                                                   "},{"@context":"https:\/\/schema.org\/","@type":"BreadcrumbList","itemListElement":[{"@type":"ListItem","position":1,"name":"Kardig\u00e1n pre ka\u017ed\u00fa \u017eenu","item":"https:\/\/www.dogstar.sk\/kardigan-pre-kazdu-zenu\/#breadcrumbitem"}]}]